{"id":2862,"date":"2026-03-15T15:49:10","date_gmt":"2026-03-15T15:49:10","guid":{"rendered":"https:\/\/zentralafrika.org\/?p=2862"},"modified":"2026-03-15T17:03:40","modified_gmt":"2026-03-15T17:03:40","slug":"bewegen-bauen-beistehen-unser-jahr-2025","status":"publish","type":"post","link":"https:\/\/zentralafrika.org\/fr\/akt-ver\/bewegen-bauen-beistehen-unser-jahr-2025\/","title":{"rendered":"Bewegen, Bauen, Beistehen: Unser Jahr 2025"},"content":{"rendered":"<p id=\"p-rc_99c7e1ff418f12e9-26\">Wenn wir auf das Jahr 2025 zur\u00fcckblicken, sehen wir strahlende Kinderaugen in Kribi, engagierte Sch\u00fcler in Elstal und ein Netzwerk, das von Tag zu Tag st\u00e4rker wird. Besonders ber\u00fchrend sind die Nachrichten aus unserem Projekt in der Zentralafrikanischen Republik: Dort, in Cantonnier und Baboua, schenkt unsere Unterst\u00fctzung Waisenkindern nicht nur neue Perspektiven, sondern ein St\u00fcck Geborgenheit und Hoffnung auf eine bessere Zukunft.<\/p>\n\n\n\n<p id=\"p-rc_99c7e1ff418f12e9-26\">Am 20. Februar 2026 kamen wir in Elstal zusammen, um nicht nur Bilanz zu ziehen, sondern auch die Weichen f\u00fcr die Zukunft zu stellen.<\/p>\n\n\n\n<h3 class=\"wp-block-heading\">Ein Jahr der Taten und Herzensprojekte<\/h3>\n\n\n\n<p id=\"p-rc_99c7e1ff418f12e9-27\">Das Jahr 2025 war gepr\u00e4gt von pers\u00f6nlichem Einsatz. Ein besonderer Meilenstein war die \u00dcbernahme des Projekts \u201eBessere Zukunft\u201c in Kamerun, das wir nun gemeinsam mit unserem Partner vor Ort, <em>Lendemain Meilleur<\/em>, fortf\u00fchren<sup><\/sup>. Dass unsere Arbeit wirkt, zeigen auch die Zahlen: Dank zahlreicher privater Spenden und kreativer Aktionen konnten wir 2025 \u00fcber 21.000 \u20ac an Einnahmen verzeichnen<sup><\/sup>.<\/p>\n\n\n\n<p id=\"p-rc_99c7e1ff418f12e9-28\">Besonders in Erinnerung geblieben ist der Spendenlauf an der Heinz-Sielmann-Schule, bei dem die Sch\u00fcler die beeindruckende Summe von 4.600 \u20ac erlaufen haben<sup><\/sup><sup><\/sup><sup><\/sup>. Solche Momente zeigen, wie tief unser Verein mittlerweile in der regionalen Gemeinschaft verwurzelt ist.<\/p>\n\n\n\n<h3 class=\"wp-block-heading\">Hilfe, die ankommt<\/h3>\n\n\n\n<p id=\"p-rc_99c7e1ff418f12e9-29\">Unsere Vorsitzende Silvia Grimmsmann reiste im Sp\u00e4tsommer 2025 pers\u00f6nlich nach Kamerun und in die Zentralafrikanische Republik, um Projekte in Kribi, Cantonnier und Baboua zu besuchen<sup><\/sup>. Diese Reisen sind essenziell: Sie schaffen Vertrauen, st\u00e4rken die Verbindung zu den Menschen vor Ort und stellen sicher, dass jeder Euro dort ankommt, wo er am dringendsten ben\u00f6tigt wird \u2013 sei es f\u00fcr Schulmaterialien oder die Betreuung von Waisenkindern<sup><\/sup><sup><\/sup><sup><\/sup><sup><\/sup><sup><\/sup><sup><\/sup><sup><\/sup>.<\/p>\n\n\n\n<h3 class=\"wp-block-heading\">Ausblick: Was uns 2026 erwartet<\/h3>\n\n\n\n<p id=\"p-rc_99c7e1ff418f12e9-30\">Wir haben viel vor! Ein gro\u00dfes Highlight wird der <strong>Dritte Afrika-Tag am 30. Mai 2026<\/strong> sein<sup><\/sup>. Wir planen, Partner aus unseren Projekten nach Deutschland einzuladen, um den direkten Austausch zu f\u00f6rdern \u2013 auch wenn die b\u00fcrokratischen H\u00fcrden bei der Visumsvergabe uns derzeit vor Herausforderungen stellen<sup><\/sup><sup><\/sup><sup><\/sup><sup><\/sup>.<\/p>\n\n\n\n<p id=\"p-rc_99c7e1ff418f12e9-31\">Zudem arbeiten wir intensiv an der technischen Ausstattung f\u00fcr das <em>Coll\u00e8ge des Abattoirs<\/em> im Senegal. 30 Laptops stehen bereits in Hamburg bereit und warten auf ihren Transport, um Sch\u00fclern vor Ort digitale Bildung zu erm\u00f6glichen<sup><\/sup>.<\/p>\n\n\n\n<h3 class=\"wp-block-heading\">Ein Dankesch\u00f6n an unsere Gemeinschaft<\/h3>\n\n\n\n<h5 class=\"wp-block-heading\">Blumen f\u00fcr diejenigen, die zu uns gesto\u00dfen sind.<\/h5>\n\n\n\n<p id=\"p-rc_99c7e1ff418f12e9-32\">Ein Verein lebt von seinen Mitgliedern. Wir freuen uns sehr, dass wir 2025 neue Gesichter wie Ida Kuntz, Malia Rusche und Marion Pogoda in unseren Reihen begr\u00fc\u00dfen durften<sup><\/sup><sup><\/sup><sup><\/sup><sup><\/sup><sup><\/sup><sup><\/sup><sup><\/sup><sup><\/sup><sup><\/sup>. Ob beim Waffelbacken auf dem Pfarrhoffest oder bei Fachvortr\u00e4gen \u2013 jeder Beitrag z\u00e4hlt<sup><\/sup><sup><\/sup><sup><\/sup><sup><\/sup>.<\/p>\n\n\n\n<h5 class=\"wp-block-heading\">Ein herzliches Dankesch\u00f6n an unsere Unterst\u00fctzer<\/h5>\n\n\n\n<p>Ein Projekt wie \u201eBessere Zukunft\u201c oder die Ausstattung von Schulen in Senegal mit Laptops w\u00e4re ohne Sie nicht m\u00f6glich (weitere Informationen erfahren sie <strong><a href=\"https:\/\/www.wustermark.de\/index.php?object=tx,3847.5.1&amp;ModID=7&amp;FID=3847.19848.1\">hier<\/a><\/strong>). Unser besonderer Dank gilt jedem Einzelnen, der im vergangenen Jahr gespendet hat \u2013 ob kleine monatliche Beitr\u00e4ge oder gro\u00dfe Einzelspenden wie beim beeindruckenden Sponsorenlauf der Heinz-Sielmann-Schule.<\/p>\n\n\n\n<p>Eure Gro\u00dfz\u00fcgigkeit sorgt daf\u00fcr, dass wir 2025 \u00fcber 21.000 \u20ac direkt in unsere Projekte leiten konnten. Jeder Euro davon ist eine Investition in die Bildung und die Zukunft von Kindern, die diese Unterst\u00fctzung dringend ben\u00f6tigen.<\/p>\n\n\n\n<h5 class=\"wp-block-heading\">Werden Sie Teil unserer Gemeinschaft<\/h5>\n\n\n\n<p>Wir haben noch viel vor, und die Herausforderungen \u2013 gerade bei der Logistik und den Visa-Verfahren f\u00fcr unsere Partner \u2013 sind gro\u00df. Doch mit Ihrer Hilfe k\u00f6nnen wir diese H\u00fcrden nehmen.<\/p>\n\n\n\n<p>M\u00f6chten auch Sie einen Beitrag leisten? Ob durch eine einmalige Spende, eine Patenschaft oder aktive Mithilfe im Verein: Jeder Beitrag bewirkt etwas. Gemeinsam sorgen wir daf\u00fcr, dass Hilfe nicht nur ein Wort bleibt, sondern dort ankommt, wo sie Leben ver\u00e4ndert.<\/p>\n\n\n\n<div class=\"wp-block-stackable-button-group stk-block-button-group stk-block stk-70ba3f1\" data-block-id=\"70ba3f1\"><div class=\"stk-row stk-inner-blocks stk-block-content stk-button-group\">\n<div class=\"wp-block-stackable-button stk-block-button has-text-align-center stk-block stk-15fdccf\" data-block-id=\"15fdccf\"><style>.stk-15fdccf .stk-button{background:var(--theme-palette-color-2, #a80303) !important;}<\/style><a class=\"stk-link stk-button stk--hover-effect-darken\" href=\"https:\/\/zentralafrika.org\/mitmachen\/\"><span class=\"stk-button__inner-text\"><strong>Zur Spendenseite<\/strong><\/span><\/a><\/div>\n<\/div><\/div>\n\n\n\n<p>Wir freuen uns darauf, auch im Jahr 2026 gemeinsam mit Ihnen Br\u00fccken zu bauen!<\/p>\n\n\n\n<p>Wir blicken voller Zuversicht auf das Jahr 2026. Lasst uns weiterhin gemeinsam daran arbeiten, Lebenschancen zu verbessern und Freundschaften \u00fcber Kontinente hinweg zu pflegen.<\/p>\n\n\n\n<p><strong>Ihr Team von ZentralAfrika e.V.<\/strong><\/p>\n\n\n\n<div class=\"wp-block-stackable-columns stk-block-columns stk-block stk-d37af0c\" data-block-id=\"d37af0c\"><div class=\"stk-row stk-inner-blocks stk-block-content stk-content-align stk-d37af0c-column\">\n<div class=\"wp-block-stackable-column stk-block-column stk-column stk-block stk-321bf01\" data-v=\"4\" data-block-id=\"321bf01\"><div class=\"stk-column-wrapper stk-block-column__content stk-container stk-321bf01-container stk--no-background stk--no-padding\"><div class=\"stk-block-content stk-inner-blocks stk-321bf01-inner-blocks\">\n<div class=\"wp-block-stackable-image stk-block-image stk-block stk-1e969ad\" data-block-id=\"1e969ad\"><style>.stk-1e969ad .stk-img-wrapper{height:150px !important;}<\/style><figure><span class=\"stk-img-wrapper stk-image--shape-stretch\"><img fetchpriority=\"high\" decoding=\"async\" class=\"stk-img wp-image-2879\" src=\"https:\/\/zentralafrika.org\/wp-content\/uploads\/2026\/03\/WhatsApp-Image-2026-03-15-at-17.19.25.jpeg\" width=\"1600\" height=\"1200\" srcset=\"https:\/\/zentralafrika.org\/wp-content\/uploads\/2026\/03\/WhatsApp-Image-2026-03-15-at-17.19.25.jpeg 1600w, https:\/\/zentralafrika.org\/wp-content\/uploads\/2026\/03\/WhatsApp-Image-2026-03-15-at-17.19.25-300x225.jpeg 300w, https:\/\/zentralafrika.org\/wp-content\/uploads\/2026\/03\/WhatsApp-Image-2026-03-15-at-17.19.25-1024x768.jpeg 1024w, https:\/\/zentralafrika.org\/wp-content\/uploads\/2026\/03\/WhatsApp-Image-2026-03-15-at-17.19.25-768x576.jpeg 768w, https:\/\/zentralafrika.org\/wp-content\/uploads\/2026\/03\/WhatsApp-Image-2026-03-15-at-17.19.25-1536x1152.jpeg 1536w, https:\/\/zentralafrika.org\/wp-content\/uploads\/2026\/03\/WhatsApp-Image-2026-03-15-at-17.19.25-16x12.jpeg 16w\" sizes=\"(max-width: 1600px) 100vw, 1600px\" \/><\/span><figcaption class=\"stk-img-figcaption\">Baboua, September 2025<\/figcaption><\/figure><\/div>\n<\/div><\/div><\/div>\n\n\n\n<div class=\"wp-block-stackable-column stk-block-column stk-column stk-block stk-38338a0\" data-v=\"4\" data-block-id=\"38338a0\"><div class=\"stk-column-wrapper stk-block-column__content stk-container stk-38338a0-container stk--no-background stk--no-padding\"><div class=\"stk-block-content stk-inner-blocks stk-38338a0-inner-blocks\">\n<div class=\"wp-block-stackable-image stk-block-image stk-block stk-e905f17\" data-block-id=\"e905f17\"><style>.stk-e905f17 .stk-img-wrapper{width:100% !important;height:150px !important;}<\/style><figure><span class=\"stk-img-wrapper stk-image--shape-stretch\"><img decoding=\"async\" class=\"stk-img wp-image-2880\" src=\"https:\/\/zentralafrika.org\/wp-content\/uploads\/2026\/03\/WhatsApp-Image-2026-03-15-at-17.20.08.jpeg\" width=\"1080\" height=\"498\" srcset=\"https:\/\/zentralafrika.org\/wp-content\/uploads\/2026\/03\/WhatsApp-Image-2026-03-15-at-17.20.08.jpeg 1080w, https:\/\/zentralafrika.org\/wp-content\/uploads\/2026\/03\/WhatsApp-Image-2026-03-15-at-17.20.08-300x138.jpeg 300w, https:\/\/zentralafrika.org\/wp-content\/uploads\/2026\/03\/WhatsApp-Image-2026-03-15-at-17.20.08-1024x472.jpeg 1024w, https:\/\/zentralafrika.org\/wp-content\/uploads\/2026\/03\/WhatsApp-Image-2026-03-15-at-17.20.08-768x354.jpeg 768w, https:\/\/zentralafrika.org\/wp-content\/uploads\/2026\/03\/WhatsApp-Image-2026-03-15-at-17.20.08-18x8.jpeg 18w\" sizes=\"(max-width: 1080px) 100vw, 1080px\" \/><\/span><figcaption class=\"stk-img-figcaption\">Kribi, September 2025<\/figcaption><\/figure><\/div>\n<\/div><\/div><\/div>\n<\/div><\/div>\n\n\n\n<div class=\"wp-block-stackable-text stk-block-text stk-block stk-3cad18a\" data-block-id=\"3cad18a\"><p class=\"stk-block-text__text\"><\/p><\/div>\n\n\n\n<p><\/p>","protected":false},"excerpt":{"rendered":"<p>Wenn wir auf das Jahr 2025 zur\u00fcckblicken, sehen wir strahlende Kinderaugen in Kribi, engagierte Sch\u00fcler in Elstal und ein Netzwerk, das von Tag zu Tag st\u00e4rker wird. Besonders ber\u00fchrend sind die Nachrichten aus unserem Projekt in der Zentralafrikanischen Republik: Dort, in Cantonnier und Baboua, schenkt unsere Unterst\u00fctzung Waisenkindern nicht nur neue Perspektiven, sondern ein St\u00fcck [&hellip;]<\/p>\n","protected":false},"author":1,"featured_media":2878,"comment_status":"closed","ping_status":"closed","sticky":false,"template":"","format":"standard","meta":{"_jetpack_memberships_contains_paid_content":false,"footnotes":""},"categories":[4],"tags":[],"class_list":["post-2862","post","type-post","status-publish","format-standard","has-post-thumbnail","hentry","category-akt-ver"],"blocksy_meta":[],"jetpack_featured_media_url":"https:\/\/zentralafrika.org\/wp-content\/uploads\/2026\/03\/WhatsApp-Image-2026-03-15-at-17.27.38.jpeg","jetpack_likes_enabled":true,"jetpack_sharing_enabled":false,"_links":{"self":[{"href":"https:\/\/zentralafrika.org\/fr\/wp-json\/wp\/v2\/posts\/2862","targetHints":{"allow":["GET"]}}],"collection":[{"href":"https:\/\/zentralafrika.org\/fr\/wp-json\/wp\/v2\/posts"}],"about":[{"href":"https:\/\/zentralafrika.org\/fr\/wp-json\/wp\/v2\/types\/post"}],"author":[{"embeddable":true,"href":"https:\/\/zentralafrika.org\/fr\/wp-json\/wp\/v2\/users\/1"}],"replies":[{"embeddable":true,"href":"https:\/\/zentralafrika.org\/fr\/wp-json\/wp\/v2\/comments?post=2862"}],"version-history":[{"count":4,"href":"https:\/\/zentralafrika.org\/fr\/wp-json\/wp\/v2\/posts\/2862\/revisions"}],"predecessor-version":[{"id":2881,"href":"https:\/\/zentralafrika.org\/fr\/wp-json\/wp\/v2\/posts\/2862\/revisions\/2881"}],"wp:featuredmedia":[{"embeddable":true,"href":"https:\/\/zentralafrika.org\/fr\/wp-json\/wp\/v2\/media\/2878"}],"wp:attachment":[{"href":"https:\/\/zentralafrika.org\/fr\/wp-json\/wp\/v2\/media?parent=2862"}],"wp:term":[{"taxonomy":"category","embeddable":true,"href":"https:\/\/zentralafrika.org\/fr\/wp-json\/wp\/v2\/categories?post=2862"},{"taxonomy":"post_tag","embeddable":true,"href":"https:\/\/zentralafrika.org\/fr\/wp-json\/wp\/v2\/tags?post=2862"}],"curies":[{"name":"wp","href":"https:\/\/api.w.org\/{rel}","templated":true}]}}